{"id":1168,"date":"2012-02-10T16:34:38","date_gmt":"2012-02-10T16:34:38","guid":{"rendered":"http:\/\/lalcoradiari.com\/wp\/?p=1168"},"modified":"2012-02-10T16:34:38","modified_gmt":"2012-02-10T16:34:38","slug":"reforma-laboral","status":"publish","type":"post","link":"http:\/\/lalcoradiari.com\/wp\/?p=1168","title":{"rendered":"REFORMA LABORAL"},"content":{"rendered":"<p class=\"wpgallery\">\n<p>La\u00a0<strong>ministra de Empleo y Seguridad Social, F\u00e1tima B\u00e1\u00f1ez<\/strong>, ha anunciado que a partir de ma\u00f1ana, cuando entra en vigor\u00a0 la<strong>\u00a0reforma laboral\u00a0\u00a0<\/strong>aprobada por decreto ley, la<strong>\u00a0indemnizaci\u00f3n por despido improcedente\u00a0<\/strong>en el caso de los contratos\u00a0<strong>indefinidos\u00a0<\/strong>ser\u00e1 de<strong>\u00a033 d\u00edas por a\u00f1o trabajado<\/strong>, con un m\u00e1ximo de 24 mensualidades, mientras que la del despido procedente ser\u00e1 de 20 d\u00edas, con un m\u00e1ximo de un a\u00f1o de salario. Seg\u00fan B\u00e1\u00f1ez, la reforma respetar\u00e1 los derechos adquiridos por los trabajadores.<\/p>\n<p>Despidos con 20 d\u00edas por causas econ\u00f3micas<\/p>\n<p>El Gobierno ha clarificado en esta reforma las caracter\u00edsticas para que las\u00a0<strong>empresas<\/strong>\u00a0puedan acogerse a\u00a0<strong>despidos<\/strong>\u00a0objetivos por causas econ\u00f3micas (<strong>20 d\u00edas por a\u00f1o trabajado<\/strong>).\u00a0 Se entender\u00e1n por<strong>\u00a0causas econ\u00f3micas<\/strong>, cuando de los resultados de la empresa se desprenda una situaci\u00f3n econ\u00f3mica negativa, como la existencia de\u00a0<strong>p\u00e9rdidas actuales o previstas\u00a0<\/strong>o la disminuci\u00f3n persistente de su nivel de ingresos o ventas. En todo caso, se entender\u00e1 que es persistente si se produce<strong>\u00a0durante tres trimestres consecutivos.\u00a0<\/strong><\/p>\n<p>Adem\u00e1s, la reforma recuperar\u00e1 a partir del 1 de enero de 2013 el\u00a0<strong>l\u00edmite al encadenamiento de contratos temporales<\/strong>\u00a0eliminado por el anterior Gobierno, y\u00a0<strong>elimina la autorizaci\u00f3n\u00a0<\/strong>laboral\u00a0<strong>administrativa que se requer\u00eda en los despidos colectivos<\/strong>\u00a0y los Expedientes de Regulaci\u00f3n de Empleo.<\/p>\n<p>Fomento de las Pymes<\/p>\n<p>Por el lado de la\u00a0<strong>contrataci\u00f3n<\/strong>, pondr\u00e1 en marcha un nuevo\u00a0<strong><a href=\"http:\/\/www.heraldo.es\/noticias\/economia\/el_gobierno_crea_nuevo_contrato_indefinido_para_las_pymes_175759_309.html\">contrato indefinido para las Pymes<\/a>\u00a0<\/strong>que\u00a0<strong>combina el cobro del paro con el de un salario<\/strong>\u00a0y reinstaurar\u00e1 la prohibici\u00f3n que suspendi\u00f3 el anterior Ejecutivo de<strong>\u00a0concatenar contratos temporales m\u00e1s all\u00e1 de los 24 meses<\/strong>.<\/p>\n<p>Asimismo,<strong>\u00a0fomentar\u00e1 la contrataci\u00f3n indefinida de j\u00f3venes y de parados<\/strong>\u00a0de larga duraci\u00f3n con bonificaciones de hasta\u00a0<strong>4.500 euros<\/strong>, regula por primera vez el teletrabajo, facilita el\u00a0<strong>descuelgue\u00a0<\/strong>de los<strong>convenios\u00a0<\/strong>y la\u00a0<strong>modificaci\u00f3n\u00a0<\/strong>de las\u00a0<strong>condiciones laborales,<\/strong>\u00a0y modifica el contrato estable a tiempo parcial y el de formaci\u00f3n y aprendizaje.<\/p>\n<p>En este punt<strong>o, B\u00e1\u00f1ez ha explicado que el contrato de formaci\u00f3n podr\u00e1 realizarse con trabajadores de hasta 30 a\u00f1os hasta que la tasa de paro no baje del 15%.\u00a0<\/strong>Cuando \u00e9sta caiga por debajo de esa barrera, la edad m\u00e1xima del contratado ser\u00e1 de 25 a\u00f1os.<\/p>\n<p>Las empresas<strong>\u00a0con menos de 50 trabajadores<\/strong>\u00a0contar\u00e1n con una deducci\u00f3n de 3.000 euros por la contrataci\u00f3n de un primer trabajador menor de 30 a\u00f1os, ha explicado la vicepresidenta del Gobierno, Soraya Sa\u00e9nz de Santamar\u00eda.<\/p>\n<p>Tras la rueda de prensa del Consejo de Ministros, la\u00a0<strong>ministra de Empleo y Seguridad Social, F\u00e1tima B\u00e1\u00f1ez,<\/strong>\u00a0ha dicho que con la reforma laboral aprobada lo que se pretende es que los\u00a0<strong>aut\u00f3nomos y las peque\u00f1as y medianas empresas<\/strong>\u00a0se conviertan en los\u00a0<strong>\u00abgrandes contratadores\u00bb.<\/strong><\/p>\n","protected":false},"excerpt":{"rendered":"<p>La\u00a0ministra de Empleo y Seguridad Social, F\u00e1tima B\u00e1\u00f1ez, ha anunciado que a partir de ma\u00f1ana,<\/p>\n","protected":false},"author":1,"featured_media":0,"comment_status":"open","ping_status":"closed","sticky":false,"template":"","format":"standard","meta":{"footnotes":""},"categories":[19,28,12,13,14],"tags":[],"class_list":["post-1168","post","type-post","status-publish","format-standard","hentry","category-economia","category-noticias-internacional","category-local","category-nacional","category-provincial"],"_links":{"self":[{"href":"http:\/\/lalcoradiari.com\/wp\/index.php?rest_route=\/wp\/v2\/posts\/1168","targetHints":{"allow":["GET"]}}],"collection":[{"href":"http:\/\/lalcoradiari.com\/wp\/index.php?rest_route=\/wp\/v2\/posts"}],"about":[{"href":"http:\/\/lalcoradiari.com\/wp\/index.php?rest_route=\/wp\/v2\/types\/post"}],"author":[{"embeddable":true,"href":"http:\/\/lalcoradiari.com\/wp\/index.php?rest_route=\/wp\/v2\/users\/1"}],"replies":[{"embeddable":true,"href":"http:\/\/lalcoradiari.com\/wp\/index.php?rest_route=%2Fwp%2Fv2%2Fcomments&post=1168"}],"version-history":[{"count":2,"href":"http:\/\/lalcoradiari.com\/wp\/index.php?rest_route=\/wp\/v2\/posts\/1168\/revisions"}],"predecessor-version":[{"id":1170,"href":"http:\/\/lalcoradiari.com\/wp\/index.php?rest_route=\/wp\/v2\/posts\/1168\/revisions\/1170"}],"wp:attachment":[{"href":"http:\/\/lalcoradiari.com\/wp\/index.php?rest_route=%2Fwp%2Fv2%2Fmedia&parent=1168"}],"wp:term":[{"taxonomy":"category","embeddable":true,"href":"http:\/\/lalcoradiari.com\/wp\/index.php?rest_route=%2Fwp%2Fv2%2Fcategories&post=1168"},{"taxonomy":"post_tag","embeddable":true,"href":"http:\/\/lalcoradiari.com\/wp\/index.php?rest_route=%2Fwp%2Fv2%2Ftags&post=1168"}],"curies":[{"name":"wp","href":"https:\/\/api.w.org\/{rel}","templated":true}]}}