{"id":1171,"date":"2012-02-10T16:38:34","date_gmt":"2012-02-10T16:38:34","guid":{"rendered":"http:\/\/lalcoradiari.com\/wp\/?p=1171"},"modified":"2012-02-10T16:38:34","modified_gmt":"2012-02-10T16:38:34","slug":"el-ejecutivo-crea-un-nuevo-contrato-para-jovenes-en-las-pymes-que-combina-el-paro-con-el-salario","status":"publish","type":"post","link":"http:\/\/lalcoradiari.com\/wp\/?p=1171","title":{"rendered":"El Ejecutivo crea un nuevo contrato para j\u00f3venes en las pymes que combina el paro con el salario"},"content":{"rendered":"<p>Para reducir el paro juvenil, que sufre una tasa de desempleo del 48%, el Ejecutivo ha creado un nuevo contrato indefinido para emprendedores. En \u00e9l, se establece una rebaja en los costes laborales de 3.000 euros para las pymes con menos de 50 trabajadores al contratar al primer empleado menor de 30 a\u00f1os que est\u00e9 en paro. Ese trabajador seguir\u00e1 cobrando el 25% del paro al que ten\u00eda derecho mientras, el empleador, podr\u00e1 dejar de pagar el 50% de lo que le correspond\u00eda de la prestaci\u00f3n a la que ten\u00eda derecho el empleado durante un m\u00e1ximo de un a\u00f1o, aunque este periodo coincide con el tiempo de prueba que prev\u00e9 el nuevo contrato.<\/p>\n","protected":false},"excerpt":{"rendered":"<p>Para reducir el paro juvenil, que sufre una tasa de desempleo del 48%, el Ejecutivo<\/p>\n","protected":false},"author":1,"featured_media":0,"comment_status":"open","ping_status":"closed","sticky":false,"template":"","format":"standard","meta":{"footnotes":""},"categories":[19,11,12,13,14],"tags":[],"class_list":["post-1171","post","type-post","status-publish","format-standard","hentry","category-economia","category-noticias","category-local","category-nacional","category-provincial"],"_links":{"self":[{"href":"http:\/\/lalcoradiari.com\/wp\/index.php?rest_route=\/wp\/v2\/posts\/1171","targetHints":{"allow":["GET"]}}],"collection":[{"href":"http:\/\/lalcoradiari.com\/wp\/index.php?rest_route=\/wp\/v2\/posts"}],"about":[{"href":"http:\/\/lalcoradiari.com\/wp\/index.php?rest_route=\/wp\/v2\/types\/post"}],"author":[{"embeddable":true,"href":"http:\/\/lalcoradiari.com\/wp\/index.php?rest_route=\/wp\/v2\/users\/1"}],"replies":[{"embeddable":true,"href":"http:\/\/lalcoradiari.com\/wp\/index.php?rest_route=%2Fwp%2Fv2%2Fcomments&post=1171"}],"version-history":[{"count":1,"href":"http:\/\/lalcoradiari.com\/wp\/index.php?rest_route=\/wp\/v2\/posts\/1171\/revisions"}],"predecessor-version":[{"id":1172,"href":"http:\/\/lalcoradiari.com\/wp\/index.php?rest_route=\/wp\/v2\/posts\/1171\/revisions\/1172"}],"wp:attachment":[{"href":"http:\/\/lalcoradiari.com\/wp\/index.php?rest_route=%2Fwp%2Fv2%2Fmedia&parent=1171"}],"wp:term":[{"taxonomy":"category","embeddable":true,"href":"http:\/\/lalcoradiari.com\/wp\/index.php?rest_route=%2Fwp%2Fv2%2Fcategories&post=1171"},{"taxonomy":"post_tag","embeddable":true,"href":"http:\/\/lalcoradiari.com\/wp\/index.php?rest_route=%2Fwp%2Fv2%2Ftags&post=1171"}],"curies":[{"name":"wp","href":"https:\/\/api.w.org\/{rel}","templated":true}]}}