{"id":1173,"date":"2012-02-10T16:41:06","date_gmt":"2012-02-10T16:41:06","guid":{"rendered":"http:\/\/lalcoradiari.com\/wp\/?p=1173"},"modified":"2012-02-10T16:41:06","modified_gmt":"2012-02-10T16:41:06","slug":"modificacion-de-la-negociacion-colectiva","status":"publish","type":"post","link":"http:\/\/lalcoradiari.com\/wp\/?p=1173","title":{"rendered":"Modificaci\u00f3n de la negociaci\u00f3n colectiva"},"content":{"rendered":"<p>En cuanto a los convenios, se\u00a0<a href=\"http:\/\/economia.elpais.com\/economia\/2012\/02\/08\/actualidad\/1328733373_789183.html\">limita a dos a\u00f1os la pr\u00f3rroga de los convenios colectivos<\/a>\u00a0vencidos, conocido como \u00abultraactividad\u00bb y que permit\u00eda hasta ahora la pr\u00f3rroga casi indefinida de los convenios. Gracias a ello, y a que se concretan las causas que permiten dejar inactivo el convenio, B\u00e1\u00f1ez ha defendido que aumentar\u00e1 la flexibilidad interna de las empresas. Seg\u00fan ha a\u00f1adido, esto permitir\u00e1 que los ajustes a los que se vean obligados en \u00e9pocas de deterioro econ\u00f3mico no se traduzcan, como hasta ahora, en recortes de plantilla. En este punto, el Gobierno tambi\u00e9n traspasa parte del acuerdo de moderaci\u00f3n salarial a la ley, aprobado la prevalencia del convenios de empresa al sectorial.<\/p>\n","protected":false},"excerpt":{"rendered":"<p>En cuanto a los convenios, se\u00a0limita a dos a\u00f1os la pr\u00f3rroga de los convenios colectivos\u00a0vencidos,<\/p>\n","protected":false},"author":1,"featured_media":0,"comment_status":"open","ping_status":"closed","sticky":false,"template":"","format":"standard","meta":{"footnotes":""},"categories":[19,11,12,13,14],"tags":[],"class_list":["post-1173","post","type-post","status-publish","format-standard","hentry","category-economia","category-noticias","category-local","category-nacional","category-provincial"],"_links":{"self":[{"href":"http:\/\/lalcoradiari.com\/wp\/index.php?rest_route=\/wp\/v2\/posts\/1173","targetHints":{"allow":["GET"]}}],"collection":[{"href":"http:\/\/lalcoradiari.com\/wp\/index.php?rest_route=\/wp\/v2\/posts"}],"about":[{"href":"http:\/\/lalcoradiari.com\/wp\/index.php?rest_route=\/wp\/v2\/types\/post"}],"author":[{"embeddable":true,"href":"http:\/\/lalcoradiari.com\/wp\/index.php?rest_route=\/wp\/v2\/users\/1"}],"replies":[{"embeddable":true,"href":"http:\/\/lalcoradiari.com\/wp\/index.php?rest_route=%2Fwp%2Fv2%2Fcomments&post=1173"}],"version-history":[{"count":2,"href":"http:\/\/lalcoradiari.com\/wp\/index.php?rest_route=\/wp\/v2\/posts\/1173\/revisions"}],"predecessor-version":[{"id":1175,"href":"http:\/\/lalcoradiari.com\/wp\/index.php?rest_route=\/wp\/v2\/posts\/1173\/revisions\/1175"}],"wp:attachment":[{"href":"http:\/\/lalcoradiari.com\/wp\/index.php?rest_route=%2Fwp%2Fv2%2Fmedia&parent=1173"}],"wp:term":[{"taxonomy":"category","embeddable":true,"href":"http:\/\/lalcoradiari.com\/wp\/index.php?rest_route=%2Fwp%2Fv2%2Fcategories&post=1173"},{"taxonomy":"post_tag","embeddable":true,"href":"http:\/\/lalcoradiari.com\/wp\/index.php?rest_route=%2Fwp%2Fv2%2Ftags&post=1173"}],"curies":[{"name":"wp","href":"https:\/\/api.w.org\/{rel}","templated":true}]}}