{"id":1176,"date":"2012-02-10T16:45:10","date_gmt":"2012-02-10T16:45:10","guid":{"rendered":"http:\/\/lalcoradiari.com\/wp\/?p=1176"},"modified":"2012-02-10T16:46:58","modified_gmt":"2012-02-10T16:46:58","slug":"1176","status":"publish","type":"post","link":"http:\/\/lalcoradiari.com\/wp\/?p=1176","title":{"rendered":"El Gobierno aprueba la reforma laboral."},"content":{"rendered":"<h2 id=\"gpH2\"><\/h2>\n<p id=\"gpP\">El objetivo del Gobierno es facilitar la contrataci\u00f3n, con especial atenci\u00f3n a los j\u00f3venes y a los parados de larga duraci\u00f3n, potenciar los contratos indefinidos frente a los temporales y que el despido sea el \u00faltimo recurso de las empresas en crisis. La reforma pretende acabar con la rigidez del mercado de trabajo y sentar las bases para crear empleo estable.<!--more--><a href=\"http:\/\/lalcoradiari.com\/wp\/wp-content\/uploads\/2012\/02\/CM1_tn512x289.jpg\"><img loading=\"lazy\" decoding=\"async\" class=\"aligncenter size-medium wp-image-1177\" title=\"CM1_tn512x289\" src=\"http:\/\/lalcoradiari.com\/wp\/wp-content\/uploads\/2012\/02\/CM1_tn512x289-300x168.jpg\" alt=\"\" width=\"300\" height=\"168\" srcset=\"http:\/\/lalcoradiari.com\/wp\/wp-content\/uploads\/2012\/02\/CM1_tn512x289-300x168.jpg 300w, http:\/\/lalcoradiari.com\/wp\/wp-content\/uploads\/2012\/02\/CM1_tn512x289.jpg 512w\" sizes=\"auto, (max-width: 300px) 100vw, 300px\" \/><\/a><\/p>\n","protected":false},"excerpt":{"rendered":"<p>El objetivo del Gobierno es facilitar la contrataci\u00f3n, con especial atenci\u00f3n a los j\u00f3venes y<\/p>\n","protected":false},"author":1,"featured_media":0,"comment_status":"open","ping_status":"closed","sticky":false,"template":"","format":"standard","meta":{"footnotes":""},"categories":[19,11,12,13,14],"tags":[],"class_list":["post-1176","post","type-post","status-publish","format-standard","hentry","category-economia","category-noticias","category-local","category-nacional","category-provincial"],"_links":{"self":[{"href":"http:\/\/lalcoradiari.com\/wp\/index.php?rest_route=\/wp\/v2\/posts\/1176","targetHints":{"allow":["GET"]}}],"collection":[{"href":"http:\/\/lalcoradiari.com\/wp\/index.php?rest_route=\/wp\/v2\/posts"}],"about":[{"href":"http:\/\/lalcoradiari.com\/wp\/index.php?rest_route=\/wp\/v2\/types\/post"}],"author":[{"embeddable":true,"href":"http:\/\/lalcoradiari.com\/wp\/index.php?rest_route=\/wp\/v2\/users\/1"}],"replies":[{"embeddable":true,"href":"http:\/\/lalcoradiari.com\/wp\/index.php?rest_route=%2Fwp%2Fv2%2Fcomments&post=1176"}],"version-history":[{"count":4,"href":"http:\/\/lalcoradiari.com\/wp\/index.php?rest_route=\/wp\/v2\/posts\/1176\/revisions"}],"predecessor-version":[{"id":1180,"href":"http:\/\/lalcoradiari.com\/wp\/index.php?rest_route=\/wp\/v2\/posts\/1176\/revisions\/1180"}],"wp:attachment":[{"href":"http:\/\/lalcoradiari.com\/wp\/index.php?rest_route=%2Fwp%2Fv2%2Fmedia&parent=1176"}],"wp:term":[{"taxonomy":"category","embeddable":true,"href":"http:\/\/lalcoradiari.com\/wp\/index.php?rest_route=%2Fwp%2Fv2%2Fcategories&post=1176"},{"taxonomy":"post_tag","embeddable":true,"href":"http:\/\/lalcoradiari.com\/wp\/index.php?rest_route=%2Fwp%2Fv2%2Ftags&post=1176"}],"curies":[{"name":"wp","href":"https:\/\/api.w.org\/{rel}","templated":true}]}}