{"id":1182,"date":"2012-02-10T16:50:05","date_gmt":"2012-02-10T16:50:05","guid":{"rendered":"http:\/\/lalcoradiari.com\/wp\/?p=1182"},"modified":"2012-02-10T21:09:49","modified_gmt":"2012-02-10T21:09:49","slug":"mantienen-las-prestaciones-pero","status":"publish","type":"post","link":"http:\/\/lalcoradiari.com\/wp\/?p=1182","title":{"rendered":"Mantienen las prestaciones pero&#8230;&#8230;&#8230;.."},"content":{"rendered":"<p>Entre las novedades de la Reforma Laboral tambi\u00e9n destaca que los parados con prestaci\u00f3n podr\u00e1n realizar trabajos de inter\u00e9s general para la comunidad.<\/p>\n","protected":false},"excerpt":{"rendered":"<p>Entre las novedades de la Reforma Laboral tambi\u00e9n destaca que los parados con prestaci\u00f3n podr\u00e1n<\/p>\n","protected":false},"author":1,"featured_media":0,"comment_status":"open","ping_status":"closed","sticky":false,"template":"","format":"standard","meta":{"footnotes":""},"categories":[11,12,13,14],"tags":[],"class_list":["post-1182","post","type-post","status-publish","format-standard","hentry","category-noticias","category-local","category-nacional","category-provincial"],"_links":{"self":[{"href":"http:\/\/lalcoradiari.com\/wp\/index.php?rest_route=\/wp\/v2\/posts\/1182","targetHints":{"allow":["GET"]}}],"collection":[{"href":"http:\/\/lalcoradiari.com\/wp\/index.php?rest_route=\/wp\/v2\/posts"}],"about":[{"href":"http:\/\/lalcoradiari.com\/wp\/index.php?rest_route=\/wp\/v2\/types\/post"}],"author":[{"embeddable":true,"href":"http:\/\/lalcoradiari.com\/wp\/index.php?rest_route=\/wp\/v2\/users\/1"}],"replies":[{"embeddable":true,"href":"http:\/\/lalcoradiari.com\/wp\/index.php?rest_route=%2Fwp%2Fv2%2Fcomments&post=1182"}],"version-history":[{"count":3,"href":"http:\/\/lalcoradiari.com\/wp\/index.php?rest_route=\/wp\/v2\/posts\/1182\/revisions"}],"predecessor-version":[{"id":1184,"href":"http:\/\/lalcoradiari.com\/wp\/index.php?rest_route=\/wp\/v2\/posts\/1182\/revisions\/1184"}],"wp:attachment":[{"href":"http:\/\/lalcoradiari.com\/wp\/index.php?rest_route=%2Fwp%2Fv2%2Fmedia&parent=1182"}],"wp:term":[{"taxonomy":"category","embeddable":true,"href":"http:\/\/lalcoradiari.com\/wp\/index.php?rest_route=%2Fwp%2Fv2%2Fcategories&post=1182"},{"taxonomy":"post_tag","embeddable":true,"href":"http:\/\/lalcoradiari.com\/wp\/index.php?rest_route=%2Fwp%2Fv2%2Ftags&post=1182"}],"curies":[{"name":"wp","href":"https:\/\/api.w.org\/{rel}","templated":true}]}}