{"id":1352,"date":"2012-02-26T08:59:07","date_gmt":"2012-02-26T08:59:07","guid":{"rendered":"http:\/\/lalcoradiari.com\/wp\/?p=1352"},"modified":"2012-02-26T09:00:53","modified_gmt":"2012-02-26T09:00:53","slug":"reyval-ambient-ha-emitido-un-comunicado-de-prensa-en-el-que-desmiente-cualquier-irregularidad-en-la-concesion-de-la-autorizacion-ambiental-integrada-aai","status":"publish","type":"post","link":"http:\/\/lalcoradiari.com\/wp\/?p=1352","title":{"rendered":"Reyval Ambient emite un comunicado  en el que desmiente \u00abcualquier irregularidad en la concesi\u00f3n de la Autorizaci\u00f3n Ambiental Integrada (AAI)."},"content":{"rendered":"<p>Reyval Ambient ha emitido un comunicado de prensa en el que desmiente \u00abcualquier irregularidad en la concesi\u00f3n de la Autorizaci\u00f3n Ambiental Integrada (AAI).<\/p>\n<p>\u00ablas numerosas falsedades que constantemente se est\u00e1n intentando trasmitir tienen como \u00fanico objetivo confundir a la opini\u00f3n p\u00fablica. Reyval Ambient padece una situaci\u00f3n de indefensi\u00f3n y, una vez m\u00e1s, tiene que salir al paso para desmentir con rotundidad supuestas anomal\u00edas en la tramitaci\u00f3n de la AAI\u00bb.<\/p>\n<p>Los hechos segun el comunicado son:<br \/>\n1.- Reyval Ambient cumple con rigor la legalidad vigente y ha acreditado con profesionalidad 20 a\u00f1os de experiencia en el tratamiento y reciclaje de residuos.<br \/>\n2.- En estos 20 a\u00f1os, nunca ha tenido ni una sola sentencia judicial en contra. Por el contrario, y ante la reiteraci\u00f3n en las denuncias injustificadas, los jueces han reflejado en sus sentencias que \u201cse incurre en temeridad en la imposici\u00f3n de sanciones reiteradas a la mercantil recurrente, que pr\u00e1cticamente impiden el ejercicio de su actividad y que han sido todas ellas anuladas en v\u00eda contencioso administrativa sin que tenga que soportar los gastos derivados de su revisi\u00f3n\u201d.<br \/>\n3.- Pese a los intentos de manipulaci\u00f3n de la opini\u00f3n p\u00fablica por parte de colectivos sociales y pol\u00edticos, la realidad es que, ni la Direcci\u00f3n Territorial de Salud P\u00fablica de Castell\u00f3n, ni la Conselleria de Medio Ambiente han emitido ning\u00fan informe que ponga en entredicho la actividad realizada por Reyval Ambient.<br \/>\n4.- En las Asambleas convocadas se sigue instando a los ciudadanos a denunciar ante la polic\u00eda y acudir al m\u00e9dico de cabecera para poner en su conocimiento la aparici\u00f3n de supuestas sintomatolog\u00edas. Todo ello pese a que una empresa independiente y de reconocido prestigio como Uni\u00f3n de Mutuas ha certificado la garant\u00eda sobre la salud de los trabajadores de Reyval Ambient.<\/p>\n","protected":false},"excerpt":{"rendered":"<p>Reyval Ambient ha emitido un comunicado de prensa en el que desmiente \u00abcualquier irregularidad en<\/p>\n","protected":false},"author":1,"featured_media":0,"comment_status":"open","ping_status":"closed","sticky":false,"template":"","format":"standard","meta":{"footnotes":""},"categories":[12],"tags":[],"class_list":["post-1352","post","type-post","status-publish","format-standard","hentry","category-local"],"_links":{"self":[{"href":"http:\/\/lalcoradiari.com\/wp\/index.php?rest_route=\/wp\/v2\/posts\/1352","targetHints":{"allow":["GET"]}}],"collection":[{"href":"http:\/\/lalcoradiari.com\/wp\/index.php?rest_route=\/wp\/v2\/posts"}],"about":[{"href":"http:\/\/lalcoradiari.com\/wp\/index.php?rest_route=\/wp\/v2\/types\/post"}],"author":[{"embeddable":true,"href":"http:\/\/lalcoradiari.com\/wp\/index.php?rest_route=\/wp\/v2\/users\/1"}],"replies":[{"embeddable":true,"href":"http:\/\/lalcoradiari.com\/wp\/index.php?rest_route=%2Fwp%2Fv2%2Fcomments&post=1352"}],"version-history":[{"count":3,"href":"http:\/\/lalcoradiari.com\/wp\/index.php?rest_route=\/wp\/v2\/posts\/1352\/revisions"}],"predecessor-version":[{"id":1355,"href":"http:\/\/lalcoradiari.com\/wp\/index.php?rest_route=\/wp\/v2\/posts\/1352\/revisions\/1355"}],"wp:attachment":[{"href":"http:\/\/lalcoradiari.com\/wp\/index.php?rest_route=%2Fwp%2Fv2%2Fmedia&parent=1352"}],"wp:term":[{"taxonomy":"category","embeddable":true,"href":"http:\/\/lalcoradiari.com\/wp\/index.php?rest_route=%2Fwp%2Fv2%2Fcategories&post=1352"},{"taxonomy":"post_tag","embeddable":true,"href":"http:\/\/lalcoradiari.com\/wp\/index.php?rest_route=%2Fwp%2Fv2%2Ftags&post=1352"}],"curies":[{"name":"wp","href":"https:\/\/api.w.org\/{rel}","templated":true}]}}