{"id":1362,"date":"2012-02-26T09:47:04","date_gmt":"2012-02-26T09:47:04","guid":{"rendered":"http:\/\/lalcoradiari.com\/wp\/?p=1362"},"modified":"2012-02-26T09:47:04","modified_gmt":"2012-02-26T09:47:04","slug":"cuanto-perdere-en-mi-proxima-nomina-con-la-subida-del-irpf","status":"publish","type":"post","link":"http:\/\/lalcoradiari.com\/wp\/?p=1362","title":{"rendered":"\u00bfCu\u00e1nto perder\u00e9 en mi pr\u00f3xima n\u00f3mina con la subida del IRPF?"},"content":{"rendered":"<div id=\"noticia_texto\">\n<p>El aumento del IRPF comenzar\u00e1 a notarse en las n\u00f3minas de este mes y supondr\u00e1 un recorte medio de 19 euros en los salarios, seg\u00fan los c\u00e1lculos realizados por el colectivo de t\u00e9cnicos del Ministerio de Hacienda (Gestha). El recargo ser\u00e1 mayor en la n\u00f3mina de febrero al no haber aplicado en enero. En un a\u00f1o, la rebaja de los salarios alcanzar\u00e1 una media de 222 euros, ya que afecta tambi\u00e9n a las pagas extra, ya sean independientes o prorrateadas en la n\u00f3mina.<\/p>\n<p>No obstante, la subida ser\u00e1 progresiva y el impacto ser\u00e1 mayor en las rentas m\u00e1s altas. De este modo, los m\u00e1s de nueve millones de asalariados que se encuentran en el primer tramo de base liquidable, equivalente a un sueldo medio de 682 euros mensuales, apenas se ver\u00e1n afectados por esta medida, ya que la retenci\u00f3n s\u00f3lo subir\u00e1 unos dos euros al mes. En cambio, el impacto comenzar\u00e1 a notarse de forma m\u00e1s clara entre los cinco millones de trabajadores con ingresos mensuales en el entorno de los 1.550 euros, cuyo recargo alcanzar\u00e1 ya los dos d\u00edgitos al rondar los 14 euros mensuales. Algo similar ocurrir\u00e1 con casi dos millones de empleados del siguiente tramo, que cobran de media 2.370 euros mensuales, pues en su caso este recorte extra se elevar\u00e1 hasta los 41 euros.<\/p>\n<p>El secretario general de Gestha record\u00f3 que de los cerca de 5.357 millones de euros adicionales que el Gobierno espera recaudar con la subida del IRPF y de las rentas del capital, un 76,7% proceder\u00e1 una vez m\u00e1s de los trabajadores, pensionistas y aut\u00f3nomos, mientras que las rentas del ahorro tan s\u00f3lo proporcionar\u00e1n el 23,3% restante.<\/p>\n<table border=\"0\" cellspacing=\"1\" cellpadding=\"1\">\n<caption><strong>Gravamen extra del IRPF en funci\u00f3n del sueldo neto<\/strong><\/caption>\n<tbody>\n<tr>\n<td>BASE LIQUIDABLE<\/td>\n<td>SUELDO NETO MEDIO<\/td>\n<td>N\u00daM. DE ASALARIADOS<\/td>\n<td>N\u00daM. DE ASAL.<br \/>\nSOBRE EL TOTAL<br \/>\nDE DECLARANTES (%)<\/td>\n<td>RETENCI\u00d3N MENSUAL<br \/>\n(\u20ac)<\/td>\n<\/tr>\n<tr>\n<td><strong>Hasta 17.707<\/strong><\/td>\n<td>682<\/td>\n<td>9.037.669<\/td>\n<td>48,4<\/td>\n<td>2<\/td>\n<\/tr>\n<tr>\n<td><strong>Hasta 33.007<\/strong><\/td>\n<td>1.552<\/td>\n<td>5.065.168<\/td>\n<td>27,1<\/td>\n<td>14<\/td>\n<\/tr>\n<tr>\n<td><strong>Hasta 53.407<\/strong><\/td>\n<td>2.372<\/td>\n<td>1.839.932<\/td>\n<td>9,9<\/td>\n<td>41<\/td>\n<\/tr>\n<tr>\n<td><strong>Hasta 120.000<\/strong><\/td>\n<td>3.580<\/td>\n<td>787.788<\/td>\n<td>4,2<\/td>\n<td>111<\/td>\n<\/tr>\n<tr>\n<td><strong>Hasta 175.000<\/strong><\/td>\n<td>5.379<\/td>\n<td>70.247<\/td>\n<td>0,4<\/td>\n<td>252<\/td>\n<\/tr>\n<tr>\n<td><strong>Hasta 300.000<\/strong><\/td>\n<td>7.159<\/td>\n<td>35.188<\/td>\n<td>0,2<\/td>\n<td>417<\/td>\n<\/tr>\n<tr>\n<td><strong>M\u00e1s de 300.000<\/strong><\/td>\n<td>14.497<\/td>\n<td>23.063<\/td>\n<td>0,1<\/td>\n<td>1.349<\/td>\n<\/tr>\n<tr>\n<td><strong>Total<\/strong><\/td>\n<td><strong>&#8211;<\/strong><\/td>\n<td><strong>16.859.055<\/strong><\/td>\n<td><strong>90,4<\/strong><\/td>\n<td><strong>19<\/strong><\/td>\n<\/tr>\n<\/tbody>\n<\/table>\n<p>&nbsp;<\/p>\n<\/div>\n<div><\/div>\n","protected":false},"excerpt":{"rendered":"<p>El aumento del IRPF comenzar\u00e1 a notarse en las n\u00f3minas de este mes y supondr\u00e1<\/p>\n","protected":false},"author":1,"featured_media":0,"comment_status":"open","ping_status":"closed","sticky":false,"template":"","format":"standard","meta":{"footnotes":""},"categories":[19,11,12,13,14],"tags":[],"class_list":["post-1362","post","type-post","status-publish","format-standard","hentry","category-economia","category-noticias","category-local","category-nacional","category-provincial"],"_links":{"self":[{"href":"http:\/\/lalcoradiari.com\/wp\/index.php?rest_route=\/wp\/v2\/posts\/1362","targetHints":{"allow":["GET"]}}],"collection":[{"href":"http:\/\/lalcoradiari.com\/wp\/index.php?rest_route=\/wp\/v2\/posts"}],"about":[{"href":"http:\/\/lalcoradiari.com\/wp\/index.php?rest_route=\/wp\/v2\/types\/post"}],"author":[{"embeddable":true,"href":"http:\/\/lalcoradiari.com\/wp\/index.php?rest_route=\/wp\/v2\/users\/1"}],"replies":[{"embeddable":true,"href":"http:\/\/lalcoradiari.com\/wp\/index.php?rest_route=%2Fwp%2Fv2%2Fcomments&post=1362"}],"version-history":[{"count":1,"href":"http:\/\/lalcoradiari.com\/wp\/index.php?rest_route=\/wp\/v2\/posts\/1362\/revisions"}],"predecessor-version":[{"id":1363,"href":"http:\/\/lalcoradiari.com\/wp\/index.php?rest_route=\/wp\/v2\/posts\/1362\/revisions\/1363"}],"wp:attachment":[{"href":"http:\/\/lalcoradiari.com\/wp\/index.php?rest_route=%2Fwp%2Fv2%2Fmedia&parent=1362"}],"wp:term":[{"taxonomy":"category","embeddable":true,"href":"http:\/\/lalcoradiari.com\/wp\/index.php?rest_route=%2Fwp%2Fv2%2Fcategories&post=1362"},{"taxonomy":"post_tag","embeddable":true,"href":"http:\/\/lalcoradiari.com\/wp\/index.php?rest_route=%2Fwp%2Fv2%2Ftags&post=1362"}],"curies":[{"name":"wp","href":"https:\/\/api.w.org\/{rel}","templated":true}]}}