{"id":1890,"date":"2012-06-12T19:39:32","date_gmt":"2012-06-12T18:39:32","guid":{"rendered":"http:\/\/lalcoradiari.com\/wp\/?p=1890"},"modified":"2012-06-22T12:08:33","modified_gmt":"2012-06-22T11:08:33","slug":"existen-planes-para-una-invasion-extraterrestre","status":"publish","type":"post","link":"http:\/\/lalcoradiari.com\/wp\/?p=1890","title":{"rendered":"Existen planes para una invasion extraterrestre"},"content":{"rendered":"<h2><\/h2>\n<p>&nbsp;<\/p>\n<p>&nbsp;<\/p>\n<p><img loading=\"lazy\" decoding=\"async\" src=\"http:\/\/www.masalladelaciencia.es\/images\/image\/alien.jpg\" alt=\"\" width=\"250\" height=\"165\" align=\"left\" \/>Stephen Hawking ha sido el \u00faltimo en dar la voz de alarma: en caso de existir civilizaciones extraterrestres, hay muchas probabilidades de que sean agresivas. \u00bfC\u00f3mo tendr\u00edamos que reaccionar ante una posible invasi\u00f3n de estas caracter\u00edsticas? \u00bfEst\u00e1n los gobiernos preparados para suceso as\u00ed?<\/p>\n<p>El pasado 27 de abril los medios de comunicaci\u00f3n de todo el mundo se hicieron eco de unas declaraciones realizadas por el cosm\u00f3logo Stephen Hawking al canal Discovery Channel en las que afirmaba asumir racionalmente la posibilidad de que exista vida inteligente en otros planetas y de que esos extraterrestres puedan llegar a la Tierra en un<br \/>\nfuturo no muy lejano \u201cpara proveerse de recursos\u201d. \u201cAlgunos extraterrestres evolucionados podr\u00edan haberse convertido en n\u00f3madas y tener la intenci\u00f3n de colonizar los planetas a los que llegaran\u201d, dijo Hawking, seg\u00fan el cual \u201clos humanos deber\u00edamos hacer todo lo posible para evitar el contacto\u201d, ya que el encuentro podr\u00eda ser igual o m\u00e1s perjudicial que el que los nativos americanos vivieron cuando Col\u00f3n recal\u00f3 en el Nuevo Mundo.<br \/>\nHawking parece responder as\u00ed a una pregunta que la humanidad lleva haci\u00e9ndose desde que el fen\u00f3meno OVNI se populariz\u00f3 en los a\u00f1os cincuenta del pasado siglo: \u00bfqu\u00e9 pasar\u00eda si tuvi\u00e9ramos que enfrentarnos a una invasi\u00f3n alien\u00edgena? Sin embargo, no todo el mundo apuesta por unos extraterrestres hostiles y \u00e1vidos de conquista; hay quien, por el contrario, est\u00e1 convencido de que se trata de civilizaciones amigas y, en consecuencia, inofensivas. Precisamente entre estos \u00faltimos se encontraba el gran divulgador cient\u00edfico Carl Sagan, quien cre\u00eda que \u201ccualquier civilizaci\u00f3n que haya avanzado lo suficiente para viajar a otra estrella se habr\u00e1 desarrollado m\u00e1s all\u00e1 de la guerra\u201d y sus<br \/>\nfines ser\u00e1n puramente pac\u00edficos. Ahora su colega Stephen Hawking le contradice abiertamente. Y es que la hip\u00f3tesis que ha ganado m\u00e1s partidarios en los \u00faltimos tiempos es la que fomenta una visi\u00f3n de los extraterrestres como seres hostiles, hasta el punto de que en pa\u00edses como Estados Unidos ya circulan manuales y libros que informan a la poblaci\u00f3n sobre c\u00f3mo actuar ante una hipot\u00e9tica invasi\u00f3n alien. Bas\u00e1ndose en modelos de simulaci\u00f3n, el panorama que ofrecen es apocal\u00edptico: una aut\u00e9ntica lucha de la<br \/>\nraza humana por su supervivencia como especie.<\/p>\n<p><a href=\"http:\/\/lalcoradiari.com\/wp\/wp-content\/uploads\/2012\/06\/invasion-extraterrestre.jpg\"><img loading=\"lazy\" decoding=\"async\" class=\"aligncenter size-medium wp-image-1942\" title=\"invasion-extraterrestre\" src=\"http:\/\/lalcoradiari.com\/wp\/wp-content\/uploads\/2012\/06\/invasion-extraterrestre-300x129.jpg\" alt=\"\" width=\"300\" height=\"129\" srcset=\"http:\/\/lalcoradiari.com\/wp\/wp-content\/uploads\/2012\/06\/invasion-extraterrestre-300x129.jpg 300w, http:\/\/lalcoradiari.com\/wp\/wp-content\/uploads\/2012\/06\/invasion-extraterrestre-208x90.jpg 208w, http:\/\/lalcoradiari.com\/wp\/wp-content\/uploads\/2012\/06\/invasion-extraterrestre.jpg 620w\" sizes=\"auto, (max-width: 300px) 100vw, 300px\" \/><\/a><\/p>\n<p>Mira este video y despues opina<\/p>\n<p style=\"text-align: center;\"><a href=\"http:\/\/lalcoradiari.com\/wp\/?p=1879\"><img loading=\"lazy\" decoding=\"async\" class=\"aligncenter size-full wp-image-1945\" title=\"images\" src=\"http:\/\/lalcoradiari.com\/wp\/wp-content\/uploads\/2012\/06\/images1.jpg\" alt=\"\" width=\"259\" height=\"194\" srcset=\"http:\/\/lalcoradiari.com\/wp\/wp-content\/uploads\/2012\/06\/images1.jpg 259w, http:\/\/lalcoradiari.com\/wp\/wp-content\/uploads\/2012\/06\/images1-120x90.jpg 120w\" sizes=\"auto, (max-width: 259px) 100vw, 259px\" \/><\/a><\/p>\n","protected":false},"excerpt":{"rendered":"<p>&nbsp; &nbsp; Stephen Hawking ha sido el \u00faltimo en dar la voz de alarma: en<\/p>\n","protected":false},"author":1,"featured_media":1942,"comment_status":"open","ping_status":"closed","sticky":false,"template":"","format":"standard","meta":{"footnotes":""},"categories":[9],"tags":[37],"class_list":["post-1890","post","type-post","status-publish","format-standard","has-post-thumbnail","hentry","category-muy-interesante","tag-featured"],"_links":{"self":[{"href":"http:\/\/lalcoradiari.com\/wp\/index.php?rest_route=\/wp\/v2\/posts\/1890","targetHints":{"allow":["GET"]}}],"collection":[{"href":"http:\/\/lalcoradiari.com\/wp\/index.php?rest_route=\/wp\/v2\/posts"}],"about":[{"href":"http:\/\/lalcoradiari.com\/wp\/index.php?rest_route=\/wp\/v2\/types\/post"}],"author":[{"embeddable":true,"href":"http:\/\/lalcoradiari.com\/wp\/index.php?rest_route=\/wp\/v2\/users\/1"}],"replies":[{"embeddable":true,"href":"http:\/\/lalcoradiari.com\/wp\/index.php?rest_route=%2Fwp%2Fv2%2Fcomments&post=1890"}],"version-history":[{"count":4,"href":"http:\/\/lalcoradiari.com\/wp\/index.php?rest_route=\/wp\/v2\/posts\/1890\/revisions"}],"predecessor-version":[{"id":1941,"href":"http:\/\/lalcoradiari.com\/wp\/index.php?rest_route=\/wp\/v2\/posts\/1890\/revisions\/1941"}],"wp:featuredmedia":[{"embeddable":true,"href":"http:\/\/lalcoradiari.com\/wp\/index.php?rest_route=\/wp\/v2\/media\/1942"}],"wp:attachment":[{"href":"http:\/\/lalcoradiari.com\/wp\/index.php?rest_route=%2Fwp%2Fv2%2Fmedia&parent=1890"}],"wp:term":[{"taxonomy":"category","embeddable":true,"href":"http:\/\/lalcoradiari.com\/wp\/index.php?rest_route=%2Fwp%2Fv2%2Fcategories&post=1890"},{"taxonomy":"post_tag","embeddable":true,"href":"http:\/\/lalcoradiari.com\/wp\/index.php?rest_route=%2Fwp%2Fv2%2Ftags&post=1890"}],"curies":[{"name":"wp","href":"https:\/\/api.w.org\/{rel}","templated":true}]}}