{"id":2111,"date":"2012-09-24T08:36:59","date_gmt":"2012-09-24T07:36:59","guid":{"rendered":"http:\/\/lalcoradiari.com\/wp\/?p=2111"},"modified":"2012-09-24T08:36:59","modified_gmt":"2012-09-24T07:36:59","slug":"fin-del-mundo","status":"publish","type":"post","link":"http:\/\/lalcoradiari.com\/wp\/?p=2111","title":{"rendered":"Fin del mundo"},"content":{"rendered":"<p><a href=\"http:\/\/lalcoradiari.com\/wp\/wp-content\/uploads\/2012\/09\/57fb72005a1eff062c55260c56ac7ce6_article.png\"><img loading=\"lazy\" decoding=\"async\" class=\"aligncenter size-full wp-image-2112\" title=\"57fb72005a1eff062c55260c56ac7ce6_article\" src=\"http:\/\/lalcoradiari.com\/wp\/wp-content\/uploads\/2012\/09\/57fb72005a1eff062c55260c56ac7ce6_article.png\" alt=\"\" width=\"630\" height=\"354\" srcset=\"http:\/\/lalcoradiari.com\/wp\/wp-content\/uploads\/2012\/09\/57fb72005a1eff062c55260c56ac7ce6_article.png 630w, http:\/\/lalcoradiari.com\/wp\/wp-content\/uploads\/2012\/09\/57fb72005a1eff062c55260c56ac7ce6_article-300x168.png 300w, http:\/\/lalcoradiari.com\/wp\/wp-content\/uploads\/2012\/09\/57fb72005a1eff062c55260c56ac7ce6_article-160x90.png 160w\" sizes=\"auto, (max-width: 630px) 100vw, 630px\" \/><\/a><\/p>\n<p>&nbsp;<\/p>\n<p>&nbsp;<\/p>\n<p><strong><span style=\"font-size: large;\">Desde los tiempos remotos la llegada del fin del mundo ha sido una de las pesadillas recurrentes de la humanidad. En el siglo XXI la gente sigue teniendo ese temor a escala planetaria. Seg\u00fan las \u00faltimas encuestas, una de cada 10 personas cree que el fin del mundo llegar\u00e1 el 21 de diciembre de 2012, como indica el Calendario Maya. Y usted, \u00bftambi\u00e9n cree que la Tierra podr\u00eda dejar de existir en cualquier momento?<\/span><\/strong><\/p>\n<p>&nbsp;<\/p>\n<p><a href=\"http:\/\/lalcoradiari.com\/wp\/wp-content\/uploads\/2012\/09\/c08362b6d13d9c19e2aa5cd81a563422_article.png\"><img loading=\"lazy\" decoding=\"async\" class=\"size-thumbnail wp-image-2113 alignleft\" title=\"c08362b6d13d9c19e2aa5cd81a563422_article\" src=\"http:\/\/lalcoradiari.com\/wp\/wp-content\/uploads\/2012\/09\/c08362b6d13d9c19e2aa5cd81a563422_article-150x150.png\" alt=\"\" width=\"150\" height=\"150\" \/><\/a>Nibiru, m\u00edtico planeta que \u2018chocar\u00e1 con la Tierra\u2019, vuelve a la mira de los internautas Una ola de art\u00edculos y comentarios pseudocient\u00edficos que predicen un pr\u00f3ximo choque de la Tierra con el m\u00edtico Nibiru -misterioso planeta de la mitolog\u00eda babil\u00f3nica- ha \u2018inundado\u2019 Internet los \u00faltimos d\u00edas. Los usuarios de la red incluso llegaron a precisar la fecha de la \u201cinminente\u201d cat\u00e1strofe.<\/p>\n<p>&nbsp;<\/p>\n<p>&nbsp;<\/p>\n<p>&nbsp;<\/p>\n<p>&nbsp;<\/p>\n<p><a href=\"http:\/\/lalcoradiari.com\/wp\/wp-content\/uploads\/2012\/09\/d7fae5f5f30cf13f86dacc7bb7519d66_article.png\"><img loading=\"lazy\" decoding=\"async\" class=\"alignleft size-thumbnail wp-image-2114\" title=\"d7fae5f5f30cf13f86dacc7bb7519d66_article\" src=\"http:\/\/lalcoradiari.com\/wp\/wp-content\/uploads\/2012\/09\/d7fae5f5f30cf13f86dacc7bb7519d66_article-150x150.png\" alt=\"\" width=\"150\" height=\"150\" \/><\/a>Departamento de Seguridad Nacional de EE.UU.: \u00ab\u00a1Los zombis est\u00e1n llegando!\u00bb El Departamento de Seguridad Nacional de EE.UU. inst\u00f3 a sus ciudadanos a prepararse para una hipot\u00e9tico &#8216;ataque zombi&#8217;, con el objetivo de fomentar una mejor preparaci\u00f3n ante desastres y situaciones de emergencia. 7<\/p>\n<p>&nbsp;<\/p>\n<p>&nbsp;<\/p>\n<p>&nbsp;<\/p>\n<p>&nbsp;<\/p>\n<p>&nbsp;<\/p>\n<p><a href=\"http:\/\/lalcoradiari.com\/wp\/wp-content\/uploads\/2012\/09\/bc00b601455c44be0825bad60516bba8_article.png\"><img loading=\"lazy\" decoding=\"async\" class=\"alignleft size-thumbnail wp-image-2115\" title=\"bc00b601455c44be0825bad60516bba8_article\" src=\"http:\/\/lalcoradiari.com\/wp\/wp-content\/uploads\/2012\/09\/bc00b601455c44be0825bad60516bba8_article-150x150.png\" alt=\"\" width=\"150\" height=\"150\" \/><\/a>El asteroide Apophis, la mayor amenaza para la Tierra en 2029 Cient\u00edficos rusos volvieron a calcular la trayectoria del asteroide Apophis, la mayor amenaza para la Tierra. Seg\u00fan predican, el 13 de abril de 2029 pasar\u00eda tan solo a 36.000 kil\u00f3metros del planeta. Hay quienes temen un posible &#8216;apocalipsis espacial&#8217;, ya que el cuerpo celeste podr\u00eda cambiar su \u00f3rbita. 3 sep 2012 | 9:30 GMT 590<\/p>\n<p>&nbsp;<\/p>\n<p>&nbsp;<\/p>\n<p>&nbsp;<\/p>\n<p>&nbsp;<\/p>\n<p>&nbsp;<\/p>\n<p><a href=\"http:\/\/lalcoradiari.com\/wp\/wp-content\/uploads\/2012\/09\/39d84a086807ead81c0c23aa6c2f685b_article.png\"><img loading=\"lazy\" decoding=\"async\" class=\"alignleft size-thumbnail wp-image-2116\" title=\"39d84a086807ead81c0c23aa6c2f685b_article\" src=\"http:\/\/lalcoradiari.com\/wp\/wp-content\/uploads\/2012\/09\/39d84a086807ead81c0c23aa6c2f685b_article-150x150.png\" alt=\"\" width=\"150\" height=\"150\" \/><\/a>Crisis ecol\u00f3gica global a la vista Todo en el planeta est\u00e1 interrelacionado y, si el mundo se derrumba, tendr\u00e1 lugar un colapso total que afectar\u00e1 a todas las esferas de la vida humana. De esta forma, los peligros petroleros y clim\u00e1ticos amenazan al mundo con una fuerte crisis agr\u00edcola. 1 sep 2012 | 13:44 GMT 6027<\/p>\n<p>&nbsp;<\/p>\n<p>&nbsp;<\/p>\n<p>&nbsp;<\/p>\n<p>&nbsp;<\/p>\n<p>&nbsp;<\/p>\n<p><a href=\"http:\/\/lalcoradiari.com\/wp\/wp-content\/uploads\/2012\/09\/e52ab641c24daeed9288a8f79a84c2e3_article.png\"><img loading=\"lazy\" decoding=\"async\" class=\"alignleft size-thumbnail wp-image-2117\" title=\"e52ab641c24daeed9288a8f79a84c2e3_article\" src=\"http:\/\/lalcoradiari.com\/wp\/wp-content\/uploads\/2012\/09\/e52ab641c24daeed9288a8f79a84c2e3_article-150x150.png\" alt=\"\" width=\"150\" height=\"150\" \/><\/a>El colapso del euro, \u00bfmotor del derrumbe del sistema financiero? El p\u00e1nico mundial de los inversores en relaci\u00f3n a la zona euro, las suposiciones sobre un inminente fin del mundo, entendido como el colapso total del sistema financiero mundial, sugieren que el final de la habitual arquitectura econ\u00f3mica global realmente no est\u00e1 tan lejos. 16 ago 2012 | 5:30 GMT 7234<\/p>\n<p>&nbsp;<\/p>\n<p>&nbsp;<\/p>\n<p>&nbsp;<\/p>\n<p>&nbsp;<\/p>\n<p>&nbsp;<\/p>\n<p><a href=\"http:\/\/lalcoradiari.com\/wp\/wp-content\/uploads\/2012\/09\/9ae39bebb222b07de6149af7661d11b4_article.png\"><img loading=\"lazy\" decoding=\"async\" class=\"alignleft size-thumbnail wp-image-2118\" title=\"9ae39bebb222b07de6149af7661d11b4_article\" src=\"http:\/\/lalcoradiari.com\/wp\/wp-content\/uploads\/2012\/09\/9ae39bebb222b07de6149af7661d11b4_article-150x150.png\" alt=\"\" width=\"150\" height=\"150\" \/><\/a>Holanda arma una r\u00e9plica del Arca de No\u00e9 Con la inauguraci\u00f3n oficial de esta r\u00e9plica del &#8216;Arca de No\u00e9&#8217;, construida por el holand\u00e9s Johan Hubiers en la ciudad de Dordrecht, la realidad parece que vuelve a superar a la ficci\u00f3n, ya que la embarcaci\u00f3n presenta todas las caracter\u00edsticas que cita la Biblia.<\/p>\n<p>&nbsp;<\/p>\n<p>&nbsp;<\/p>\n<p>&nbsp;<\/p>\n<p>&nbsp;<\/p>\n<p>&nbsp;<\/p>\n<p><a href=\"http:\/\/lalcoradiari.com\/wp\/wp-content\/uploads\/2012\/09\/72ba0fe2d9acc44065fbe4cfb7bcc87a_article1.png\"><img loading=\"lazy\" decoding=\"async\" class=\"alignleft size-thumbnail wp-image-2120\" title=\"72ba0fe2d9acc44065fbe4cfb7bcc87a_article\" src=\"http:\/\/lalcoradiari.com\/wp\/wp-content\/uploads\/2012\/09\/72ba0fe2d9acc44065fbe4cfb7bcc87a_article1-150x150.png\" alt=\"\" width=\"150\" height=\"150\" \/><\/a>Morales: el fin del calendario maya marca el ocaso del capitalismo y de la coca-cola El 21 de diciembre no solo coincidir\u00e1 en Bolivia el solsticio de verano y el fin del calendario maya, sino que tambi\u00e9n se celebrar\u00e1 en ese pa\u00eds el fin del capitalismo y de la coca cola, seg\u00fan propuso el presidente Evo Morales, que aventur\u00f3 el advenimiento de un tiempo \u00abde amor\u00bb y de \u00abcultura de la vida\u00bb. 17 jul 2012 | 18:27 GMT 17515<\/p>\n","protected":false},"excerpt":{"rendered":"<p>&nbsp; &nbsp; Desde los tiempos remotos la llegada del fin del mundo ha sido una<\/p>\n","protected":false},"author":1,"featured_media":2112,"comment_status":"open","ping_status":"closed","sticky":false,"template":"","format":"standard","meta":{"footnotes":""},"categories":[9],"tags":[37],"class_list":["post-2111","post","type-post","status-publish","format-standard","has-post-thumbnail","hentry","category-muy-interesante","tag-featured"],"_links":{"self":[{"href":"http:\/\/lalcoradiari.com\/wp\/index.php?rest_route=\/wp\/v2\/posts\/2111","targetHints":{"allow":["GET"]}}],"collection":[{"href":"http:\/\/lalcoradiari.com\/wp\/index.php?rest_route=\/wp\/v2\/posts"}],"about":[{"href":"http:\/\/lalcoradiari.com\/wp\/index.php?rest_route=\/wp\/v2\/types\/post"}],"author":[{"embeddable":true,"href":"http:\/\/lalcoradiari.com\/wp\/index.php?rest_route=\/wp\/v2\/users\/1"}],"replies":[{"embeddable":true,"href":"http:\/\/lalcoradiari.com\/wp\/index.php?rest_route=%2Fwp%2Fv2%2Fcomments&post=2111"}],"version-history":[{"count":1,"href":"http:\/\/lalcoradiari.com\/wp\/index.php?rest_route=\/wp\/v2\/posts\/2111\/revisions"}],"predecessor-version":[{"id":2121,"href":"http:\/\/lalcoradiari.com\/wp\/index.php?rest_route=\/wp\/v2\/posts\/2111\/revisions\/2121"}],"wp:featuredmedia":[{"embeddable":true,"href":"http:\/\/lalcoradiari.com\/wp\/index.php?rest_route=\/wp\/v2\/media\/2112"}],"wp:attachment":[{"href":"http:\/\/lalcoradiari.com\/wp\/index.php?rest_route=%2Fwp%2Fv2%2Fmedia&parent=2111"}],"wp:term":[{"taxonomy":"category","embeddable":true,"href":"http:\/\/lalcoradiari.com\/wp\/index.php?rest_route=%2Fwp%2Fv2%2Fcategories&post=2111"},{"taxonomy":"post_tag","embeddable":true,"href":"http:\/\/lalcoradiari.com\/wp\/index.php?rest_route=%2Fwp%2Fv2%2Ftags&post=2111"}],"curies":[{"name":"wp","href":"https:\/\/api.w.org\/{rel}","templated":true}]}}