{"id":696,"date":"2011-12-27T10:30:00","date_gmt":"2011-12-27T10:30:00","guid":{"rendered":"http:\/\/lalcoradiari.com\/wp\/?p=696"},"modified":"2011-12-27T10:43:52","modified_gmt":"2011-12-27T10:43:52","slug":"696","status":"publish","type":"post","link":"http:\/\/lalcoradiari.com\/wp\/?p=696","title":{"rendered":"El presidente Mariano Rajoy anuncia la composici\u00f3n del nuevo Gobierno de Espa\u00f1a"},"content":{"rendered":"<p><img loading=\"lazy\" decoding=\"async\" class=\"alignleft\" src=\"http:\/\/www.lamoncloa.gob.es\/NR\/rdonlyres\/B8AE1EE2-6C1C-4EA1-A590-37589D2EC837\/186030\/LlegadaMoncloa2_tn579x385.jpg\" alt=\"\" width=\"579\" height=\"385\" \/>ELGobierno de Espa\u00f1a, cuyos miembros jurar\u00e1n o prometer\u00e1n ma\u00f1ana sus cargos ante Su Majestad el Rey, est\u00e1 compuesto por una vicepresidencia primera y trece ministerios. Ha sido el presidente Mariano Rajoy quien, en su primera comparecencia ante los medios de comunicaci\u00f3n en la Moncloa, ha anunciado los nombres de los miembros de su Gabinete: Ministro de Asuntos Exteriores y de Cooperaci\u00f3n, Jos\u00e9 Manuel Garc\u00eda Margallo. Ministro de Justicia, Alberto Ruiz Gallard\u00f3n. Ministro de Defensa, Pedro Moren\u00e9s Eulate. Ministro de Hacienda y Administraciones P\u00fablicas, Crist\u00f3bal Montoro Romero. Ministro del Interior, Jorge Fern\u00e1ndez D\u00edaz. Ministra de Fomento, Ana Pastor Juli\u00e1n. Ministro de Educaci\u00f3n, Cultura y Deporte, Jos\u00e9 Ignacio Wert Ortega. Ministra de Empleo y Seguridad Social, Mar\u00eda F\u00e1tima Ba\u00f1ez Garc\u00eda. Ministro de Industria, Energ\u00eda y Turismo, Jos\u00e9 Manuel Soria. Ministro de Agricultura, Alimentaci\u00f3n y Medio Ambiente, Miguel Arias Ca\u00f1ete. Ministra de la Presidencia, Soraya S\u00e1enz de Santamar\u00eda Ant\u00f3n. Ministro de Econom\u00eda y Competitividad, Luis de Guindos Jurado. Ministra de Sanidad, Servicios Sociales e Igualdad, Ana Mato Adrover. Vicepresidenta del Gobierno y Portavoz, Soraya S\u00e1enz de Santamar\u00eda Ant\u00f3n.<\/p>\n","protected":false},"excerpt":{"rendered":"<p>ELGobierno de Espa\u00f1a, cuyos miembros jurar\u00e1n o prometer\u00e1n ma\u00f1ana sus cargos ante Su Majestad el<\/p>\n","protected":false},"author":1,"featured_media":0,"comment_status":"open","ping_status":"closed","sticky":false,"template":"","format":"standard","meta":{"footnotes":""},"categories":[11,13],"tags":[],"class_list":["post-696","post","type-post","status-publish","format-standard","hentry","category-noticias","category-nacional"],"_links":{"self":[{"href":"http:\/\/lalcoradiari.com\/wp\/index.php?rest_route=\/wp\/v2\/posts\/696","targetHints":{"allow":["GET"]}}],"collection":[{"href":"http:\/\/lalcoradiari.com\/wp\/index.php?rest_route=\/wp\/v2\/posts"}],"about":[{"href":"http:\/\/lalcoradiari.com\/wp\/index.php?rest_route=\/wp\/v2\/types\/post"}],"author":[{"embeddable":true,"href":"http:\/\/lalcoradiari.com\/wp\/index.php?rest_route=\/wp\/v2\/users\/1"}],"replies":[{"embeddable":true,"href":"http:\/\/lalcoradiari.com\/wp\/index.php?rest_route=%2Fwp%2Fv2%2Fcomments&post=696"}],"version-history":[{"count":8,"href":"http:\/\/lalcoradiari.com\/wp\/index.php?rest_route=\/wp\/v2\/posts\/696\/revisions"}],"predecessor-version":[{"id":704,"href":"http:\/\/lalcoradiari.com\/wp\/index.php?rest_route=\/wp\/v2\/posts\/696\/revisions\/704"}],"wp:attachment":[{"href":"http:\/\/lalcoradiari.com\/wp\/index.php?rest_route=%2Fwp%2Fv2%2Fmedia&parent=696"}],"wp:term":[{"taxonomy":"category","embeddable":true,"href":"http:\/\/lalcoradiari.com\/wp\/index.php?rest_route=%2Fwp%2Fv2%2Fcategories&post=696"},{"taxonomy":"post_tag","embeddable":true,"href":"http:\/\/lalcoradiari.com\/wp\/index.php?rest_route=%2Fwp%2Fv2%2Ftags&post=696"}],"curies":[{"name":"wp","href":"https:\/\/api.w.org\/{rel}","templated":true}]}}