{"id":1238,"date":"2012-02-11T08:26:25","date_gmt":"2012-02-11T08:26:25","guid":{"rendered":"http:\/\/lalcoradiari.com\/wp\/?p=1238"},"modified":"2012-02-11T08:26:25","modified_gmt":"2012-02-11T08:26:25","slug":"un-doble-atentado-con-bomba-en-la-ciudad-siria-de-alepo-deja-28-muertos-y-235-heridos","status":"publish","type":"post","link":"https:\/\/lalcoradiari.com\/wp\/?p=1238","title":{"rendered":"Un doble atentado con bomba en la ciudad siria de Alepo deja 28 muertos y 235 heridos"},"content":{"rendered":"<p>[youtube]http:\/\/www.youtube.com\/watch?v=0I4JL8evdO0[\/youtube]<\/p>\n<p>Al menos\u00a0<strong>28 personas ha muerto y otras 235 han resultado heridas<\/strong>\u00a0tras un doble atentado en Alepo, Siria, despu\u00e9s de que dos coches bombas hayan explotado frente a sedes de las fuerzas del orden. Adem\u00e1s de estos atentados, la violencia contin\u00faa en el resto del pa\u00eds y ha dejado al menos 37 personas muertas en el resto del pa\u00eds, informa Afp.<\/p>\n<p>Las informaciones sobre la autor\u00eda no est\u00e1n claras. En declaraciones a Efe desde Turqu\u00eda, el comandante en jefe del Ej\u00e9rcito Libre Sirio (ELS), coronel Riad al Asad,<strong>ha reivindicado el ataque y lo ha justificado<\/strong>\u00a0como una respuesta a los\u00a0<a href=\"http:\/\/www.rtve.es\/noticias\/20120209\/bombardeo-barrios-sunies-homs-no-cesa-causa-otros-13-muertos\/496879.shtml\">bombardeos del r\u00e9gimen<\/a>\u00a0contra los barrios sun\u00edes de Homs, que llevan una semana bajo el fuego de la artiller\u00eda.<\/p>\n<p>&nbsp;<\/p>\n<p>Sin embargo, posteriormente el \u00abn\u00famero dos\u00bb del ELS, Malek Kurdi,<strong>\u00a0ha negado la responsabilidad de las explosiones<\/strong>\u00a0y ha afirmado que sus hombres hab\u00edan realizado\u00a0<strong>un ataque previo con armas ligeras<\/strong>, pero no el atentado con bombas.<\/p>\n<p>\u00abGrupos nuestros atacaron estos dos edificios, pero\u00a0<strong>no estaba previsto el uso de explosivos, sino el de armas ligeras<\/strong>\u00a0y lanzagranadas, porque no tenemos la log\u00edstica para llevar a cabo un ataque de esa magnitud\u00bb, ha asegurado Kurdi. \u00abPensamos que las dos explosiones fueron preparadas y ejecutadas por el mismo r\u00e9gimen para cubrir sus cr\u00edmenes en otras ciudades\u00bb, ha a\u00f1adido.<\/p>\n<p>Estos atentados puede fortalecer la dial\u00e9ctica de<a href=\"http:\/\/www.rtve.es\/noticias\/bachar-asad\/\">Bachar al Asad<\/a>\u00a0contra los rebeldes y Occidente, ya que el presidente sirio siempre ha descalificado las protestas como\u00a0<a href=\"http:\/\/www.rtve.es\/noticias\/20120110\/asad-hablara-pueblo-sirio-sobre-represion\/488628.shtml\">obra de bandas armadas y terroristas<\/a>.<\/p>\n<h2>Atentado m\u00e1s grave en Alepo<\/h2>\n<p>El de este viernes es el\u00a0<strong>atentado m\u00e1s grave ocurrido en Alepo\u00a0<\/strong>desde el comienzo de las protestas, hace 11 meses y puede conmocionar a la \u00e9lite comercial del pa\u00eds, que hasta ahora ha permanecido relativamente ajena a la revuelta contra el r\u00e9gimen de Asad.<\/p>\n<p>En diciembre y enero,\u00a0<a href=\"http:\/\/www.rtve.es\/noticias\/20111223\/atentado-explosivos-contra-dos-edificios-servicios-seguridad-capital-siria\/484359.shtml\" target=\"_self\">sendos ataques<\/a>\u00a0con bomba, que el gobierno imput\u00f3 a Al Qaeda, causaron un total de 70 muertos en Damasco, pero hasta ahora Alepo se hab\u00eda librado de la violencia que azota al resto del pa\u00eds. En las \u00faltimas semanas, sin embargo, hab\u00edan aumentado las protestas.<\/p>\n<p>La televisi\u00f3n siria, que\u00a0<strong>ha mostrado im\u00e1genes de cuerpos sin vida mutilados y edificios destrozados<\/strong>, ha precisado que se trata de un ataque terrorista contra un edificio de la polic\u00eda militar y contra una sede de los antidisturbios.<\/p>\n<p><strong>\u00abUn terrorista se ha hecho explotar con su coche a 100 metros del portal\u00bb\u00a0<\/strong>del edificio de los antidisturbios, ha detallado la emisora oficial, que ha mostrado el cr\u00e1ter ocasionado por la explosi\u00f3n cerca de la sede de las fuerzas del orden.<\/p>\n<p>\u00abPedimos disculpas por mostrar estas im\u00e1genes, pero\u00a0<strong>este es el terrorismo que estamos sufriendo<\/strong>\u00ab, ha alegado el reportero de la TV siria mientras hablaba junto a varios cuerpos destrozados. \u00ab\u00bfEs esta la libertad de Hamad y Erdogan?\u00bb\u00a0 ha a\u00f1adido el redactor, refiri\u00e9ndose al primer ministro de Catar, jeque Hamad ben Jasim, y al primer ministro turco.<\/p>\n<div>\n<div>\n<div>\n<\/div>\n<\/div>\n<\/div>\n","protected":false},"excerpt":{"rendered":"<p>[youtube]http:\/\/www.youtube.com\/watch?v=0I4JL8evdO0[\/youtube] Al menos\u00a028 personas ha muerto y otras 235 han resultado heridas\u00a0tras un doble atentado<\/p>\n","protected":false},"author":1,"featured_media":0,"comment_status":"open","ping_status":"closed","sticky":false,"template":"","format":"standard","meta":{"footnotes":""},"categories":[28],"tags":[],"class_list":["post-1238","post","type-post","status-publish","format-standard","hentry","category-noticias-internacional"],"_links":{"self":[{"href":"https:\/\/lalcoradiari.com\/wp\/index.php?rest_route=\/wp\/v2\/posts\/1238","targetHints":{"allow":["GET"]}}],"collection":[{"href":"https:\/\/lalcoradiari.com\/wp\/index.php?rest_route=\/wp\/v2\/posts"}],"about":[{"href":"https:\/\/lalcoradiari.com\/wp\/index.php?rest_route=\/wp\/v2\/types\/post"}],"author":[{"embeddable":true,"href":"https:\/\/lalcoradiari.com\/wp\/index.php?rest_route=\/wp\/v2\/users\/1"}],"replies":[{"embeddable":true,"href":"https:\/\/lalcoradiari.com\/wp\/index.php?rest_route=%2Fwp%2Fv2%2Fcomments&post=1238"}],"version-history":[{"count":1,"href":"https:\/\/lalcoradiari.com\/wp\/index.php?rest_route=\/wp\/v2\/posts\/1238\/revisions"}],"predecessor-version":[{"id":1239,"href":"https:\/\/lalcoradiari.com\/wp\/index.php?rest_route=\/wp\/v2\/posts\/1238\/revisions\/1239"}],"wp:attachment":[{"href":"https:\/\/lalcoradiari.com\/wp\/index.php?rest_route=%2Fwp%2Fv2%2Fmedia&parent=1238"}],"wp:term":[{"taxonomy":"category","embeddable":true,"href":"https:\/\/lalcoradiari.com\/wp\/index.php?rest_route=%2Fwp%2Fv2%2Fcategories&post=1238"},{"taxonomy":"post_tag","embeddable":true,"href":"https:\/\/lalcoradiari.com\/wp\/index.php?rest_route=%2Fwp%2Fv2%2Ftags&post=1238"}],"curies":[{"name":"wp","href":"https:\/\/api.w.org\/{rel}","templated":true}]}}