{"id":1328,"date":"2012-02-22T19:50:22","date_gmt":"2012-02-22T19:50:22","guid":{"rendered":"http:\/\/lalcoradiari.com\/wp\/?p=1328"},"modified":"2012-02-26T19:17:37","modified_gmt":"2012-02-26T19:17:37","slug":"beienvenidos-a-nazilandia","status":"publish","type":"post","link":"https:\/\/lalcoradiari.com\/wp\/?p=1328","title":{"rendered":"Bienvenidos a Nazilandia"},"content":{"rendered":"<p><a href=\"http:\/\/lalcoradiari.com\/wp\/wp-content\/uploads\/2012\/02\/1329754156_737890_1329754776_album_normal.jpg\"><img loading=\"lazy\" decoding=\"async\" class=\"alignleft size-medium wp-image-1331\" title=\"1329754156_737890_1329754776_album_normal\" src=\"http:\/\/lalcoradiari.com\/wp\/wp-content\/uploads\/2012\/02\/1329754156_737890_1329754776_album_normal-300x232.jpg\" alt=\"\" width=\"300\" height=\"232\" srcset=\"https:\/\/lalcoradiari.com\/wp\/wp-content\/uploads\/2012\/02\/1329754156_737890_1329754776_album_normal-300x232.jpg 300w, https:\/\/lalcoradiari.com\/wp\/wp-content\/uploads\/2012\/02\/1329754156_737890_1329754776_album_normal.jpg 980w\" sizes=\"auto, (max-width: 300px) 100vw, 300px\" \/><\/a>Dotaciones de la Polic\u00eda Nacional sembraron el caos en Valencia al disolver sucesivas concentraciones de estudiantes con una fuerza desproporcionada, lo cual acarre\u00f3 la detenci\u00f3n de decenas de personas y aporreamientos, zarandeos y heridas a j\u00f3venes y no tan j\u00f3venes. Lo que hab\u00eda comenzado la semana anterior como una protesta de decenas de estudiantes de un c\u00e9ntrico instituto valenciano, por falta de calefacci\u00f3n, ha derivado en la ocupaci\u00f3n de las calles por millares de indignados como reacci\u00f3n a las violentas cargas policiales. Una peligrosa escalada, sobre todo cuando ni siquiera hay noticia de da\u00f1os materiales de consideraci\u00f3n que anotar en la cuenta de los supuestos antisistema.<!--more--><\/p>\n<p>El ministro del Interior admiti\u00f3 por la ma\u00f1ana la posibilidad de alg\u00fan \u201cexceso\u201d policial, para rectificar por la tarde y decir que los \u201cexcesos\u201d los cometieron los \u201cradicales\u201d. No est\u00e1 claro lo que Fern\u00e1ndez D\u00edaz entiende por radicales, pero aporrear y herir a ciudadanos pac\u00edficos exige dilucidar de inmediato qui\u00e9n merece la destituci\u00f3n por este error. La delegada del Gobierno, Paula S\u00e1nchez de Le\u00f3n, que el lunes se permiti\u00f3 la frivolidad de reducir los graves sucesos a una \u201can\u00e9cdota\u201d, pretende ahora quitarse de en medio diciendo que \u201cno hay una orden desde un despacho en que se levanta el tel\u00e9fono y se dice: \u2018carga\u201d, sino que esas decisiones \u201clas toman los que est\u00e1n en calle\u201d. Sin embargo, y bajo el mismo jefe superior de Polic\u00eda de los \u00faltimos cuatro a\u00f1os \u2014el que describi\u00f3 el lunes a los estudiantes que cortaban el tr\u00e1fico como \u201cel enemigo\u201d\u2014 se produjeron concentraciones mucho m\u00e1s numerosas en Valencia el a\u00f1o pasado, a ra\u00edz del 15-M, sin ninguna intervenci\u00f3n policial ni lejanamente parecida.<\/p>\n<p><a href=\"http:\/\/lalcoradiari.com\/wp\/wp-content\/uploads\/2012\/02\/1329754156_737890_1329758540_album_normal.jpg\"><img loading=\"lazy\" decoding=\"async\" class=\"alignleft size-medium wp-image-1333\" title=\"1329754156_737890_1329758540_album_normal\" src=\"http:\/\/lalcoradiari.com\/wp\/wp-content\/uploads\/2012\/02\/1329754156_737890_1329758540_album_normal-300x202.jpg\" alt=\"\" width=\"300\" height=\"202\" srcset=\"https:\/\/lalcoradiari.com\/wp\/wp-content\/uploads\/2012\/02\/1329754156_737890_1329758540_album_normal-300x202.jpg 300w, https:\/\/lalcoradiari.com\/wp\/wp-content\/uploads\/2012\/02\/1329754156_737890_1329758540_album_normal.jpg 980w\" sizes=\"auto, (max-width: 300px) 100vw, 300px\" \/><\/a><\/p>\n<p>&nbsp;<\/p>\n<p>&nbsp;<\/p>\n<p>&nbsp;<\/p>\n<p>&nbsp;<\/p>\n<p><strong>EN LA IMAGEN FUERZAS DE SEGURIDAD ACTUANDO CONTRA \u00abEL ENEMIGO\u00bb (SEGUN EL JEFE DE POLICIA DE VALENCIA)<\/strong><\/p>\n<p>&nbsp;<\/p>\n<p>El propio Sindicato Unificado de la Polic\u00eda (SUP), a la vez que llama \u201ccobarde\u201d al ministro del Interior por admitir la posibilidad de alg\u00fan exceso policial en Valencia, carga contra el jefe superior de Polic\u00eda por \u201carrojar m\u00e1s gasolina al fuego\u201d y \u201cmatar moscas a ca\u00f1onazos\u201d con su gesti\u00f3n de la crisis valenciana. Este sindicato resalta que el jefe superior en cuesti\u00f3n, Antonio Moreno, es un nombramiento del anterior Gobierno socialista. Lo cual es verdad, aunque es igualmente cierto que se trata de uno de los pocos jefes de Polic\u00eda que no fueron destituidos fulminantemente por el nuevo Gobierno del PP.<\/p>\n<p>En todo caso, la voluntad de cubrir a las fuerzas del orden, hagan lo que hagan, o de incitarles a demostrar una mayor dureza, nos situar\u00eda en una perspectiva inquietante y resultar\u00eda poco compatible con la funci\u00f3n de la polic\u00eda en una sociedad moderna, que no debe confundir a simples ciudadanos con terroristas u otros delincuentes y debe utilizar la fuerza siempre de forma proporcionada.<\/p>\n<p><a href=\"http:\/\/lalcoradiari.com\/wp\/wp-content\/uploads\/2012\/02\/1329754156_737890_1329761401_album_normal.jpg\"><img loading=\"lazy\" decoding=\"async\" class=\"alignleft size-medium wp-image-1334\" title=\"1329754156_737890_1329761401_album_normal\" src=\"http:\/\/lalcoradiari.com\/wp\/wp-content\/uploads\/2012\/02\/1329754156_737890_1329761401_album_normal-300x207.jpg\" alt=\"\" width=\"300\" height=\"207\" srcset=\"https:\/\/lalcoradiari.com\/wp\/wp-content\/uploads\/2012\/02\/1329754156_737890_1329761401_album_normal-300x207.jpg 300w, https:\/\/lalcoradiari.com\/wp\/wp-content\/uploads\/2012\/02\/1329754156_737890_1329761401_album_normal.jpg 980w\" sizes=\"auto, (max-width: 300px) 100vw, 300px\" \/><\/a><\/p>\n<p>La buena imagen de las fuerzas del orden, reflejada por diferentes encuestas, se refiere a las que ayudan al ciudadano y protegen sus derechos, no a los que le aporrean indiscriminadamente. Si esa es la mentalidad con que el poder aborda un tiempo de probable conflictividad social, podemos temernos lo peor.<\/p>\n","protected":false},"excerpt":{"rendered":"<p>Dotaciones de la Polic\u00eda Nacional sembraron el caos en Valencia al disolver sucesivas concentraciones de<\/p>\n","protected":false},"author":1,"featured_media":0,"comment_status":"open","ping_status":"closed","sticky":false,"template":"","format":"standard","meta":{"footnotes":""},"categories":[11,28,12,13,1],"tags":[],"class_list":["post-1328","post","type-post","status-publish","format-standard","hentry","category-noticias","category-noticias-internacional","category-local","category-nacional","category-uncategorized"],"_links":{"self":[{"href":"https:\/\/lalcoradiari.com\/wp\/index.php?rest_route=\/wp\/v2\/posts\/1328","targetHints":{"allow":["GET"]}}],"collection":[{"href":"https:\/\/lalcoradiari.com\/wp\/index.php?rest_route=\/wp\/v2\/posts"}],"about":[{"href":"https:\/\/lalcoradiari.com\/wp\/index.php?rest_route=\/wp\/v2\/types\/post"}],"author":[{"embeddable":true,"href":"https:\/\/lalcoradiari.com\/wp\/index.php?rest_route=\/wp\/v2\/users\/1"}],"replies":[{"embeddable":true,"href":"https:\/\/lalcoradiari.com\/wp\/index.php?rest_route=%2Fwp%2Fv2%2Fcomments&post=1328"}],"version-history":[{"count":5,"href":"https:\/\/lalcoradiari.com\/wp\/index.php?rest_route=\/wp\/v2\/posts\/1328\/revisions"}],"predecessor-version":[{"id":1332,"href":"https:\/\/lalcoradiari.com\/wp\/index.php?rest_route=\/wp\/v2\/posts\/1328\/revisions\/1332"}],"wp:attachment":[{"href":"https:\/\/lalcoradiari.com\/wp\/index.php?rest_route=%2Fwp%2Fv2%2Fmedia&parent=1328"}],"wp:term":[{"taxonomy":"category","embeddable":true,"href":"https:\/\/lalcoradiari.com\/wp\/index.php?rest_route=%2Fwp%2Fv2%2Fcategories&post=1328"},{"taxonomy":"post_tag","embeddable":true,"href":"https:\/\/lalcoradiari.com\/wp\/index.php?rest_route=%2Fwp%2Fv2%2Ftags&post=1328"}],"curies":[{"name":"wp","href":"https:\/\/api.w.org\/{rel}","templated":true}]}}