{"id":1344,"date":"2012-02-23T19:36:30","date_gmt":"2012-02-23T19:36:30","guid":{"rendered":"http:\/\/lalcoradiari.com\/wp\/?p=1344"},"modified":"2012-02-23T19:36:30","modified_gmt":"2012-02-23T19:36:30","slug":"sentada-en-educacion-con-consignas-contra-el-jefe-de-policia","status":"publish","type":"post","link":"https:\/\/lalcoradiari.com\/wp\/?p=1344","title":{"rendered":"Sentada en Educaci\u00f3n con consignas contra el jefe de Polic\u00eda"},"content":{"rendered":"<p>Los estudiantes han llevado hoy la protesta protesta por los recortes de la Generalitat ante la Consejer\u00eda de Educaci\u00f3n, donde han celebrado una asamblea y han recordado de la convocatoria de huelga general en toda Espa\u00f1a la pr\u00f3xima semana. Ha sido el paso previo a la concentraci\u00f3n que, como cada tarde desde el pasado lunes, se celebra ya a las puertas del IES Llu\u00eds Vives y que previsiblemente volver\u00e1 a convertirse en una marcha hasta la Delegaci\u00f3n de Gobierno, donde pedir\u00e1n la dimisi\u00f3n de Paula S\u00e1nchez de Le\u00f3n por la actuaci\u00f3n policial.<\/p>\n<p>Carlos Naranjo, coordinador del sindicato de estudiantes de Valencia, y Beatriz Garc\u00eda, de la comisi\u00f3n ejecutiva, han extendido la convocatoria de huelga general prevista el 29 de febrero contra los recortes en educaci\u00f3n a la petici\u00f3n de dimisi\u00f3n de la delegada del Gobierno, Paula S\u00e1nchez de Le\u00f3n. Pretenden que este llamamiento se extienda a todo el estado espa\u00f1ol. Los activistas han se\u00f1alado tambi\u00e9n que, \u00aben los pr\u00f3ximos d\u00edas\u00bb, presentar\u00e1n medidas legales \u00abpor el maltrato, las palizas y las vejaciones\u00bb.<\/p>\n<div id=\"sumario_1|html\"><a name=\"sumario_1\"><\/a>\u00abLos dirigentes tienen un papel fundamental\u00bb ha asegurado el sindicato<\/p>\n<\/div>\n<p>El sindicato de estudiantes, adem\u00e1s, ha realizado durante toda la ma\u00f1ana una asamblea en la puerta de la Consejer\u00eda de Educaci\u00f3n donde m\u00e1s de 300 alumnos congregados han podido expresar sus quejas por los recortes. El coordinador del sindicato ha alentado a continuar con \u00abmucha mayor fuerza\u00bb un \u00abplan de lucha serio\u00bb y ha indicado que, para para llevarlo a cabo, \u00ablos dirigentes tienen un papel fundamental y deben unirse\u00bb.<\/p>\n<p>Beatriz Garc\u00eda, ha a\u00f1adido que \u00abes necesario la unificaci\u00f3n\u00bb de \u00abtodas las fuerzas de izquierdas\u00bb y que la derecha est\u00e1 tratando de \u00abcriminalizar a los que se manifiestan\u00bb. La estudiante ha hecho hincapi\u00e9 en que \u00abes absurdo decir que hay utilizaci\u00f3n por parte de grupos radicales\u00bb de izquierda y que \u00abse est\u00e1 tratando de tergiversar la realidad y buscar culpables\u00bb para \u00abdesprestigiar\u00bb a unos \u00abestudiantes pac\u00edficos\u00bb que \u00absolo protestan por sus derechos\u00bb.<\/p>\n<div id=\"sumario_2|html\"><a name=\"sumario_2\"><\/a>Durante la asamblea se ha le\u00eddo un comunicado de estudiantes de EE UU<\/p>\n<\/div>\n<p>La convocatoria ha incidido en la dimisi\u00f3n tanto del jefe superior de Polic\u00eda de Valencia, Antonio Moreno, como de los ministros de Justicia, Alberto Ruiz Gallard\u00f3n, y de Interior, Jorge Fern\u00e1ndez D\u00edaz,\u00a0<a href=\"http:\/\/ccaa.elpais.com\/ccaa\/2012\/02\/20\/valencia\/1329747482_238876.html\" target=\"_blank\">por los incidentes ocurridos durante las protestas estudiantiles<\/a>.<\/p>\n<p>Al grito de \u00abla consejer\u00eda tiene que escuchar el clamor popular\u00bb, los congregados han explicado la situaci\u00f3n por la que pasan sus centros educativos. Un grupo de alumnos del IES Benicalap, por ejemplo, ha acusado a los recortes de la ausencia de un profesor suplente durante un mes en el a\u00f1o de selectividad. Tambi\u00e9n se ha le\u00eddo un manifiesto en solidaridad con los estudiantes valencianos elaborado por universitarios de Nueva York (EE UU).<\/p>\n<div id=\"sumario_3|html\"><a name=\"sumario_3\"><\/a>Grupos de j\u00f3venes y otros espont\u00e1neos recorren el centro de Valencia<\/p>\n<\/div>\n<p>La reuni\u00f3n ha finalizado con una marcha sin incidentes alrededor de toda la manzana que rodea a la consejer\u00eda. Los participantes han coreado lemas como \u00abMenos polic\u00eda y m\u00e1s educaci\u00f3n\u00bb o \u00abDelegada dimisi\u00f3n\u00bb. En cabeza portaban una pancarta que rezaba \u00abNo m\u00e1s recortes en la educaci\u00f3n p\u00fablica\u00bb.<\/p>\n<p>Grupos dispersos de j\u00f3venes se han concentrado a primera hora de la tarde ante la vivienda del expresidente Francisco Camps coreando gritos. \u00abCamps, cabr\u00f3n, as\u00f3mate al balc\u00f3n\u00bb. Han cortado el tr\u00e1fico unos minutos y se han dispersado, no sin antes celebrar los toques de clax\u00f3n de un autob\u00fas.<\/p>\n<p>A las 18.30, dos centenares de j\u00f3venes, estudiantes de secundaria y otros, se han concentrado ante el instituto Llu\u00eds Vives, a unos metros de la plaza del Ayuntamiento. El grupo ha cobrado cuerpo y alrededor de cuatrocientas personas se han sentado ante la sede de la Corporaci\u00f3n municipal para reclamar la dimisi\u00f3n de la delegada del Gobierno.<\/p>\n<p>\u00abNo nos mires, \u00fanete\u00bb, han gritado los j\u00f3venes mientras se desplazaban por calle de las Barcas, un grito habitual en las marchas de los indignados del movimiento 15-M. Cada toque de claxon ha sido replicado con gritos y silbidos.<\/p>\n<p>A las 19.15, los j\u00f3venes, acompa\u00f1ados por matrimonios de cierta edad y otros espont\u00e1neos han vuelto a concentrarse frente al edificio donde reside el expresidente Francisco Camps. Dos furgonetas de polic\u00edas custodian el edificio. Los j\u00f3venes y su cohorte marchan entre los coches y autobuses. Los conductores se muestran sorprendidos por los regueros de j\u00f3venes y mayores que pisan el asfalto sin ning\u00fan recato.<\/p>\n<p>\u00abSi no dimites, ma\u00f1ana volveremos\u00bb, hab\u00edan anunciado los manifestantes el mi\u00e9rcoles, en una gran marcha unitaria para exigir la renuncia de Paula S\u00e1nchez de Le\u00f3n. Y es lo que hacen, desplaz\u00e1ndose de forma an\u00e1rquica por todo el centro de la ciudad.<\/p>\n","protected":false},"excerpt":{"rendered":"<p>Los estudiantes han llevado hoy la protesta protesta por los recortes de la Generalitat ante<\/p>\n","protected":false},"author":1,"featured_media":0,"comment_status":"open","ping_status":"closed","sticky":false,"template":"","format":"standard","meta":{"footnotes":""},"categories":[11,13,14],"tags":[],"class_list":["post-1344","post","type-post","status-publish","format-standard","hentry","category-noticias","category-nacional","category-provincial"],"_links":{"self":[{"href":"https:\/\/lalcoradiari.com\/wp\/index.php?rest_route=\/wp\/v2\/posts\/1344","targetHints":{"allow":["GET"]}}],"collection":[{"href":"https:\/\/lalcoradiari.com\/wp\/index.php?rest_route=\/wp\/v2\/posts"}],"about":[{"href":"https:\/\/lalcoradiari.com\/wp\/index.php?rest_route=\/wp\/v2\/types\/post"}],"author":[{"embeddable":true,"href":"https:\/\/lalcoradiari.com\/wp\/index.php?rest_route=\/wp\/v2\/users\/1"}],"replies":[{"embeddable":true,"href":"https:\/\/lalcoradiari.com\/wp\/index.php?rest_route=%2Fwp%2Fv2%2Fcomments&post=1344"}],"version-history":[{"count":2,"href":"https:\/\/lalcoradiari.com\/wp\/index.php?rest_route=\/wp\/v2\/posts\/1344\/revisions"}],"predecessor-version":[{"id":1346,"href":"https:\/\/lalcoradiari.com\/wp\/index.php?rest_route=\/wp\/v2\/posts\/1344\/revisions\/1346"}],"wp:attachment":[{"href":"https:\/\/lalcoradiari.com\/wp\/index.php?rest_route=%2Fwp%2Fv2%2Fmedia&parent=1344"}],"wp:term":[{"taxonomy":"category","embeddable":true,"href":"https:\/\/lalcoradiari.com\/wp\/index.php?rest_route=%2Fwp%2Fv2%2Fcategories&post=1344"},{"taxonomy":"post_tag","embeddable":true,"href":"https:\/\/lalcoradiari.com\/wp\/index.php?rest_route=%2Fwp%2Fv2%2Ftags&post=1344"}],"curies":[{"name":"wp","href":"https:\/\/api.w.org\/{rel}","templated":true}]}}