{"id":2585,"date":"2016-05-16T21:32:19","date_gmt":"2016-05-16T20:32:19","guid":{"rendered":"http:\/\/lalcoradiari.com\/wp\/?p=2585"},"modified":"2016-05-16T21:32:19","modified_gmt":"2016-05-16T20:32:19","slug":"el-nino-de-lapedo-un-hibrido-neandertalhumano","status":"publish","type":"post","link":"https:\/\/lalcoradiari.com\/wp\/?p=2585","title":{"rendered":"EL NI\u00d1O DE LAPEDO: \u00bfUN H\u00cdBRIDO NEANDERTAL\/HUMANO?"},"content":{"rendered":"<div class=\"cuerpo\">\n<p><img decoding=\"async\" src=\"http:\/\/static.xn--revistaaocero-pkb.com\/sites\/akasico\/files\/styles\/contenido\/public\/field\/image\/lapedo_child.jpg?itok=7lpG-N1G\" alt=\"La controversia sobre el ni\u00f1o de Lapedo\" \/><\/p>\n<p>Enterrado durante milenios en el Valle del Lapedo, 136 Km. al norte de Lisboa, Portugal, los arque\u00f3logos descubrieron el primer esqueleto completo del Paleol\u00edtico encontrado en la Pen\u00ednsula Ib\u00e9rica que pertenec\u00edan a un ni\u00f1o de cuatro a\u00f1os de edad. La importancia del descubrimiento fue mucho mayor cuando el an\u00e1lisis de los huesos revel\u00f3 que el ni\u00f1o ten\u00eda el ment\u00f3n y los brazos inferiores de un ser humano, pero la mand\u00edbula y la constituci\u00f3n de un neandertal, sugiriendo ser un h\u00edbrido o un resultado del mestizaje entre las dos especies. El hallazgo -seg\u00fan un art\u00edculo publicado en <a href=\"http:\/\/www.ancient-origins.es\/or-genes-humanos-ciencia\/la-controversia-del-ni-o-de-lapedo-un-h-brido-neandertalhumano-002398\" target=\"_blank\" rel=\"no_follow\">Ancient Origins<\/a>&#8211; pone en duda la teor\u00eda aceptada de que los neandertales desaparecieron hace aproximadamente 30.000 a\u00f1os, reemplazados por los croma\u00f1ones, los primeros seres humanos modernos. Al mismo tiempo que sugiere que los neandertales se cruzaron con los humanos modernos y se convirtieron en parte de nuestra familia, un hecho que tendr\u00eda consecuencias dram\u00e1ticas para los te\u00f3ricos evolutivos alrededor del mundo.<\/p>\n<p>El descubrimiento sucedi\u00f3 en noviembre de 1998, cuando los arque\u00f3logos Jo\u00e3o Maur\u00edcio y Pedro Souto fueron al valle del Lapedo para investigar unos relatos sobre unas pinturas rupestres prehist\u00f3ricas encontradas, que resultaron ser ciertas. El yacimiento ten\u00eda una gran concentraci\u00f3n de herramientas l\u00edticas, huesos de animales y carb\u00f3n del Paleol\u00edtico Superior: era evidente que el Lagar Velho hab\u00eda sido un importante lugar de ocupaci\u00f3n. Las siguientes excavaciones lo confirmaron, mostrando el radiocarbono fechas de hace 23.170 hasta 20.220 a\u00f1os.<\/p>\n<blockquote><p>En los sedimentos\u00a0 recuperaron varios peque\u00f1os huesos manchados con ocre rojo y pensaron que podr\u00edan ser de un humano. Result\u00f3 ser la tumba de un ni\u00f1o: el \u00fanico entierro Paleol\u00edtico encontrado hasta aquel momento en la Pen\u00ednsula Ib\u00e9rica.<\/p><\/blockquote>\n<p>Se puso en marcha un proyecto de excavaci\u00f3n para recuperar todos los restos del cuerpo del ni\u00f1o. El trabajo era dif\u00edcil porque las ra\u00edces diminutas de las plantas hab\u00edan penetrado los huesos esponjosos. Tamizando los sedimentos desordenados se lleg\u00f3 a la recuperaci\u00f3n de 160 fragmentos craneales, que constitu\u00edan aproximadamente el 80% del total del cr\u00e1neo.<\/p>\n<p>Una vez completado el proceso de recuperaci\u00f3n, los restos \u00f3seos fueron enviados al antrop\u00f3logo Erik Trinkaus de la Universidad de Washington para ser analizados. Fue entonces cuando se realiz\u00f3 el descubrimiento m\u00e1s sorprendente. Trinkaus encontr\u00f3 que la proporci\u00f3n de las extremidades inferiores no eran de un humano moderno: se asemejaban a las de un neandertal. Por otro lado, la forma general del cr\u00e1neo era moderna, al igual que su o\u00eddo interno y los dientes. Aunque el cr\u00e1neo era m\u00e1s similar a un humano moderno, se detect\u00f3 una anomal\u00eda: una picadura en la regi\u00f3n occipital, que es un rasgo t\u00edpico y gen\u00e9tico de los neandertales.<\/p>\n<p>Trinkaus concluy\u00f3 que el ni\u00f1o de Lapedo era un mosaico morfol\u00f3gico, anat\u00f3micamente era un h\u00edbrido entre los neandertales y los humanos modernos. Sin embargo, parece ser que ambas especies no coexistieron en la Pen\u00ednsula Ib\u00e9rica m\u00e1s all\u00e1 de hace 28.000 a\u00f1os. \u00bfC\u00f3mo puede el ni\u00f1o tener caracter\u00edsticas de ambas formas? La pregunta llev\u00f3 a un encendido debate entre expertos, algunos de los cuales aceptaron que el descubrimiento del ni\u00f1o de Lapedo demostraba que los neandertales se cruzaron con los humanos modernos, mientras que otros rechazaron alejarse de las opiniones que aseguran que los neandertales se extinguieron, reemplazados por otra especie.<\/p>\n<p>&nbsp;<\/p>\n<\/div>\n<div class=\"pie\"><\/div>\n","protected":false},"excerpt":{"rendered":"<p>Enterrado durante milenios en el Valle del Lapedo, 136 Km. al norte de Lisboa, Portugal,<\/p>\n","protected":false},"author":1,"featured_media":2586,"comment_status":"open","ping_status":"closed","sticky":false,"template":"","format":"standard","meta":{"footnotes":""},"categories":[5,9],"tags":[],"class_list":["post-2585","post","type-post","status-publish","format-standard","has-post-thumbnail","hentry","category-ciencia","category-muy-interesante"],"_links":{"self":[{"href":"https:\/\/lalcoradiari.com\/wp\/index.php?rest_route=\/wp\/v2\/posts\/2585","targetHints":{"allow":["GET"]}}],"collection":[{"href":"https:\/\/lalcoradiari.com\/wp\/index.php?rest_route=\/wp\/v2\/posts"}],"about":[{"href":"https:\/\/lalcoradiari.com\/wp\/index.php?rest_route=\/wp\/v2\/types\/post"}],"author":[{"embeddable":true,"href":"https:\/\/lalcoradiari.com\/wp\/index.php?rest_route=\/wp\/v2\/users\/1"}],"replies":[{"embeddable":true,"href":"https:\/\/lalcoradiari.com\/wp\/index.php?rest_route=%2Fwp%2Fv2%2Fcomments&post=2585"}],"version-history":[{"count":1,"href":"https:\/\/lalcoradiari.com\/wp\/index.php?rest_route=\/wp\/v2\/posts\/2585\/revisions"}],"predecessor-version":[{"id":2587,"href":"https:\/\/lalcoradiari.com\/wp\/index.php?rest_route=\/wp\/v2\/posts\/2585\/revisions\/2587"}],"wp:featuredmedia":[{"embeddable":true,"href":"https:\/\/lalcoradiari.com\/wp\/index.php?rest_route=\/wp\/v2\/media\/2586"}],"wp:attachment":[{"href":"https:\/\/lalcoradiari.com\/wp\/index.php?rest_route=%2Fwp%2Fv2%2Fmedia&parent=2585"}],"wp:term":[{"taxonomy":"category","embeddable":true,"href":"https:\/\/lalcoradiari.com\/wp\/index.php?rest_route=%2Fwp%2Fv2%2Fcategories&post=2585"},{"taxonomy":"post_tag","embeddable":true,"href":"https:\/\/lalcoradiari.com\/wp\/index.php?rest_route=%2Fwp%2Fv2%2Ftags&post=2585"}],"curies":[{"name":"wp","href":"https:\/\/api.w.org\/{rel}","templated":true}]}}